{"id":2110,"date":"2015-07-01T10:50:37","date_gmt":"2015-07-01T10:50:37","guid":{"rendered":"http:\/\/aizu.barakaldo.eus\/?p=2110"},"modified":"2015-07-03T10:57:13","modified_gmt":"2015-07-03T10:57:13","slug":"festival-de-teatro-de-calle-en-bilbao-del-29-de-junio-al-4-de-julio","status":"publish","type":"post","link":"https:\/\/aizu.barakaldo.eus\/es\/2015\/07\/festival-de-teatro-de-calle-en-bilbao-del-29-de-junio-al-4-de-julio\/","title":{"rendered":"Festival de teatro de calle en Bilbao del 29 de junio al 4 de julio"},"content":{"rendered":"<p><span class=\"s1\" style=\"font-size: 10pt; font-family: arial,helvetica,sans-serif;\">El Ayuntamiento de Bilbao ha organizado Bilboko Kalealdia, el Festival de Teatro y de las Artes de la Calle, que tendr\u00e1 lugar del <span style=\"font-size: 12pt;\">29 de junio al 4 de julio.<\/span><\/span><\/p>\n<p><span style=\"font-size: 10pt; font-family: arial,helvetica,sans-serif;\">El festival se celebrar\u00e1 e<span class=\"s1\">n los escenarios habituales del entorno del <span style=\"font-size: 12pt;\">Casco Viejo<\/span> (Plaza Nueva, Plaza Arriaga, Arenal&#8230;)<\/span>, La <span style=\"font-size: 12pt;\">calle Arbieto<\/span>, y como novedad, una gran carpa y otros espacios en el <span style=\"font-size: 12pt;\">Parque de Do\u00f1a Casilda<\/span>. En total acoger\u00e1n 53 espect\u00e1culos que abarcan desde la m\u00fasica itinerante al <span style=\"font-size: 12pt;\">funk y hip hop<\/span>, junto con el m\u00e1s puro <span style=\"font-size: 12pt;\">teatro de calle, circo contempor\u00e1neo, clown, acrobacias a\u00e9reas o t\u00edteres gigantes.<\/span><\/span><\/p>\n<p><!--more--><\/p>\n<div data-carousel-extra='{\"blog_id\":1,\"permalink\":\"https:\\\/\\\/aizu.barakaldo.eus\\\/es\\\/2015\\\/07\\\/festival-de-teatro-de-calle-en-bilbao-del-29-de-junio-al-4-de-julio\\\/\"}' class=\"tiled-gallery type-rectangular\" data-original-width=\"1032\"><div class=\"gallery-row\" style=\"width: 1027px; height: 510px;\"><div class=\"gallery-group images-1\" style=\"width: 514px; height: 514px;\"><div class=\"tiled-gallery-item tiled-gallery-item-large\"><a href=\"https:\/\/aizu.barakaldo.eus\/es\/2015\/07\/festival-de-teatro-de-calle-en-bilbao-del-29-de-junio-al-4-de-julio\/teatro-kalaldia\/\"><img loading=\"lazy\" decoding=\"async\" data-attachment-id=\"2129\" data-orig-file=\"https:\/\/aizu.barakaldo.eus\/wp-content\/uploads\/2015\/07\/teatro-kalaldia.jpeg\" data-orig-size=\"300,300\" data-comments-opened=\"1\" data-image-meta=\"{&quot;aperture&quot;:&quot;0&quot;,&quot;credit&quot;:&quot;&quot;,&quot;camera&quot;:&quot;&quot;,&quot;caption&quot;:&quot;&quot;,&quot;created_timestamp&quot;:&quot;0&quot;,&quot;copyright&quot;:&quot;&quot;,&quot;focal_length&quot;:&quot;0&quot;,&quot;iso&quot;:&quot;0&quot;,&quot;shutter_speed&quot;:&quot;0&quot;,&quot;title&quot;:&quot;&quot;,&quot;orientation&quot;:&quot;0&quot;}\" data-image-title=\"teatro kalaldia\" data-image-description=\"\" data-medium-file=\"https:\/\/aizu.barakaldo.eus\/wp-content\/uploads\/2015\/07\/teatro-kalaldia.jpeg\" data-large-file=\"https:\/\/aizu.barakaldo.eus\/wp-content\/uploads\/2015\/07\/teatro-kalaldia.jpeg\" src=\"https:\/\/aizu.barakaldo.eus\/wp-content\/uploads\/2015\/07\/teatro-kalaldia.jpeg\" width=\"510\" height=\"510\" align=\"left\" title=\"teatro kalaldia\" \/><\/a><\/div><\/div><div class=\"gallery-group images-1\" style=\"width: 513px; height: 514px;\"><div class=\"tiled-gallery-item tiled-gallery-item-large\"><a href=\"https:\/\/aizu.barakaldo.eus\/es\/2015\/07\/festival-de-teatro-de-calle-en-bilbao-del-29-de-junio-al-4-de-julio\/bici-kalealdia\/\"><img loading=\"lazy\" decoding=\"async\" data-attachment-id=\"2127\" data-orig-file=\"https:\/\/aizu.barakaldo.eus\/wp-content\/uploads\/2015\/07\/bici-kalealdia.jpg\" data-orig-size=\"300,300\" data-comments-opened=\"1\" data-image-meta=\"{&quot;aperture&quot;:&quot;0&quot;,&quot;credit&quot;:&quot;&quot;,&quot;camera&quot;:&quot;&quot;,&quot;caption&quot;:&quot;&quot;,&quot;created_timestamp&quot;:&quot;0&quot;,&quot;copyright&quot;:&quot;&quot;,&quot;focal_length&quot;:&quot;0&quot;,&quot;iso&quot;:&quot;0&quot;,&quot;shutter_speed&quot;:&quot;0&quot;,&quot;title&quot;:&quot;&quot;,&quot;orientation&quot;:&quot;0&quot;}\" data-image-title=\"bici kalealdia\" data-image-description=\"\" data-medium-file=\"https:\/\/aizu.barakaldo.eus\/wp-content\/uploads\/2015\/07\/bici-kalealdia.jpg\" data-large-file=\"https:\/\/aizu.barakaldo.eus\/wp-content\/uploads\/2015\/07\/bici-kalealdia.jpg\" src=\"https:\/\/aizu.barakaldo.eus\/wp-content\/uploads\/2015\/07\/bici-kalealdia.jpg\" width=\"509\" height=\"510\" align=\"left\" title=\"bici kalealdia\" \/><\/a><\/div><\/div><\/div><\/div>\n<p><span style=\"font-size: 10pt; font-family: arial,helvetica,sans-serif;\">Las compa\u00f1\u00edas locales ofrecer\u00e1n los \u00faltimos montajes de calle de Haatik Dantza Konpainia, Markeli\u00f1e, Pez Limbo, Zanguango Teatro o la espectacular propuesta nocturna de Deabru Beltzak &amp; Les Commandos Percu, \u201cDanbor Talka\u201d.<\/span><\/p>\n<p><span style=\"font-size: 10pt; font-family: arial,helvetica,sans-serif;\">El festival ofrecer\u00e1 los espect\u00e1culos m\u00e1s novedosos de compa\u00f1\u00edas procedentes de Francia, B\u00e9lgica, Italia, Jap\u00f3n o Kenia.<\/span><\/p>\n<p><span style=\"font-size: 10pt; font-family: arial,helvetica,sans-serif;\"> <span class=\"s1\">Como ya es habitual, <span style=\"font-size: 12pt;\">todos los espect\u00e1culos ser\u00e1n gratuitos, salvo tres<\/span> representaciones que tendr\u00e1n lugar en esta carpa, con un precio simb\u00f3lico de <span style=\"font-size: 12pt;\">dos euros<\/span>, a fin de llevar un control del aforo, limitado a 220 personas.<\/span><br \/>\n<\/span><\/p>\n<p>&nbsp;<\/p>\n<p><a href=\"http:\/\/aizu.barakaldo.eus\/wp-content\/uploads\/2015\/07\/mapa_bilboko_kalealdia_2015.jpg\"><img loading=\"lazy\" decoding=\"async\" class=\"  wp-image-2142 aligncenter\" src=\"http:\/\/aizu.barakaldo.eus\/wp-content\/uploads\/2015\/07\/mapa_bilboko_kalealdia_2015-300x189.jpg\" alt=\"mapa_bilboko_kalealdia_2015\" width=\"411\" height=\"259\" srcset=\"https:\/\/aizu.barakaldo.eus\/wp-content\/uploads\/2015\/07\/mapa_bilboko_kalealdia_2015-300x189.jpg 300w, https:\/\/aizu.barakaldo.eus\/wp-content\/uploads\/2015\/07\/mapa_bilboko_kalealdia_2015-100x63.jpg 100w, https:\/\/aizu.barakaldo.eus\/wp-content\/uploads\/2015\/07\/mapa_bilboko_kalealdia_2015-53x33.jpg 53w, https:\/\/aizu.barakaldo.eus\/wp-content\/uploads\/2015\/07\/mapa_bilboko_kalealdia_2015-900x567.jpg 900w, https:\/\/aizu.barakaldo.eus\/wp-content\/uploads\/2015\/07\/mapa_bilboko_kalealdia_2015.jpg 940w\" sizes=\"(max-width: 411px) 100vw, 411px\" \/><\/a><\/p>\n<p><a href=\"http:\/\/www.bilbokokalealdia.com\/index.php\/kalealdia-2015\/programacion\/?lang=es\"><span style=\"font-size: 10pt;\">Para ver el programa entero pincha aqu\u00ed<\/span><\/a><\/p>\n<!-- AddThis Advanced Settings generic via filter on the_content --><!-- AddThis Share Buttons generic via filter on the_content -->","protected":false},"excerpt":{"rendered":"<p>El Ayuntamiento de Bilbao ha organizado Bilboko Kalealdia, el Festival de Teatro y de las Artes de la Calle, que tendr\u00e1 lugar del 29 de junio al 4 de julio. El festival se celebrar\u00e1 en los escenarios habituales del entorno del Casco Viejo (Plaza Nueva, Plaza Arriaga, Arenal&#8230;), La calle Arbieto, y como novedad, una [&hellip;]<!-- AddThis Advanced Settings generic via filter on get_the_excerpt --><!-- AddThis Share Buttons generic via filter on get_the_excerpt --><\/p>\n","protected":false},"author":5,"featured_media":2130,"comment_status":"open","ping_status":"open","sticky":false,"template":"","format":"standard","meta":{"footnotes":""},"categories":[7],"tags":[338,337,339,336,330,316],"_links":{"self":[{"href":"https:\/\/aizu.barakaldo.eus\/es\/wp-json\/wp\/v2\/posts\/2110"}],"collection":[{"href":"https:\/\/aizu.barakaldo.eus\/es\/wp-json\/wp\/v2\/posts"}],"about":[{"href":"https:\/\/aizu.barakaldo.eus\/es\/wp-json\/wp\/v2\/types\/post"}],"author":[{"embeddable":true,"href":"https:\/\/aizu.barakaldo.eus\/es\/wp-json\/wp\/v2\/users\/5"}],"replies":[{"embeddable":true,"href":"https:\/\/aizu.barakaldo.eus\/es\/wp-json\/wp\/v2\/comments?post=2110"}],"version-history":[{"count":24,"href":"https:\/\/aizu.barakaldo.eus\/es\/wp-json\/wp\/v2\/posts\/2110\/revisions"}],"predecessor-version":[{"id":2143,"href":"https:\/\/aizu.barakaldo.eus\/es\/wp-json\/wp\/v2\/posts\/2110\/revisions\/2143"}],"wp:featuredmedia":[{"embeddable":true,"href":"https:\/\/aizu.barakaldo.eus\/es\/wp-json\/wp\/v2\/media\/2130"}],"wp:attachment":[{"href":"https:\/\/aizu.barakaldo.eus\/es\/wp-json\/wp\/v2\/media?parent=2110"}],"wp:term":[{"taxonomy":"category","embeddable":true,"href":"https:\/\/aizu.barakaldo.eus\/es\/wp-json\/wp\/v2\/categories?post=2110"},{"taxonomy":"post_tag","embeddable":true,"href":"https:\/\/aizu.barakaldo.eus\/es\/wp-json\/wp\/v2\/tags?post=2110"}],"curies":[{"name":"wp","href":"https:\/\/api.w.org\/{rel}","templated":true}]}}