{"id":2491,"date":"2016-01-12T11:02:36","date_gmt":"2016-01-12T11:02:36","guid":{"rendered":"http:\/\/aizu.barakaldo.eus\/?p=2491"},"modified":"2017-04-25T16:31:33","modified_gmt":"2017-04-25T14:31:33","slug":"insomnio-adolescente","status":"publish","type":"post","link":"https:\/\/aizu.barakaldo.eus\/es\/2016\/01\/insomnio-adolescente\/","title":{"rendered":"Insomnio adolescente"},"content":{"rendered":"<p>Los problemas de sue\u00f1o y las horas de sue\u00f1o de los j\u00f3venes pueden predecir una serie de complicaciones futuras, incluyendo entre ellos el consumo excesivo de alcohol, la conducci\u00f3n bajo los efectos del alcohol y el comportamiento sexual de riesgo en una muestra representativa a nivel nacional. Estos resultados se publican en \u00abAlcoholism: Clinical &amp; Experimental Research\u00bb.<\/p>\n<p>Las dificultades para dormir y falta de sue\u00f1o son comunes entre los j\u00f3venes estadounidenses e investigaciones anteriores mostraron que la falta de sue\u00f1o puede predecir problemas relacionados con el alcohol y el consumo de drogas por parte de adolescentes y adultos j\u00f3venes en muestras de alto riesgo.<\/p>\n<p>Se calcula, se\u00f1ala Maria M. Wong, de la Universidad Estatal de Idaho (EE.UU.), que aproximadamente uno de cada diez adolescentes padece problemas para conciliar el sue\u00f1o o permanecer dormido casi todos los d\u00edas, o cada d\u00eda, durante el \u00faltimo a\u00f1o. Para Tim Roehrs, director de Investigaci\u00f3n del Centro de Trastornos del Sue\u00f1o en el Hospital Henry Ford, este trabajo es importante ya que \u00abaumenta nuestro conocimiento sobre la relaci\u00f3n del sue\u00f1o con problemas de consumo de sustancias para incluir no s\u00f3lo los problemas de sue\u00f1o, es decir, para conciliar el sue\u00f1o y\/o mantenerlo, sino tambi\u00e9n la falta de sue\u00f1o, entendida como horas de sue\u00f1o\u00bb.<\/p>\n<p>Fuente: <a href=\"http:\/\/www.abc.es\/salud\/noticias\/20150119\/abci-alcohol-adolescente-dormir-201501191135.html\">ABC Salud<\/a><\/p>\n<p><a href=\"http:\/\/www.guiasalud.es\/GPC\/GPC_489_Trastorno_sue%C3%B1o_infadol_Lain_Entr_paciente.pdf\">Gu\u00eda para conocer y manejar los problemas de sue\u00f1o en la infancia y adolescencia<\/a><\/p>\n<!-- AddThis Advanced Settings generic via filter on the_content --><!-- AddThis Share Buttons generic via filter on the_content -->","protected":false},"excerpt":{"rendered":"<p>Los problemas de sue\u00f1o y las horas de sue\u00f1o de los j\u00f3venes pueden predecir una serie de complicaciones futuras, incluyendo entre ellos el consumo excesivo de alcohol, la conducci\u00f3n bajo los efectos del alcohol y el comportamiento sexual de riesgo en una muestra representativa a nivel nacional. Estos resultados se publican en \u00abAlcoholism: Clinical &amp; [&hellip;]<!-- AddThis Advanced Settings generic via filter on get_the_excerpt --><!-- AddThis Share Buttons generic via filter on get_the_excerpt --><\/p>\n","protected":false},"author":5,"featured_media":2492,"comment_status":"open","ping_status":"open","sticky":false,"template":"","format":"standard","meta":{"footnotes":""},"categories":[6],"tags":[32,440,439],"_links":{"self":[{"href":"https:\/\/aizu.barakaldo.eus\/es\/wp-json\/wp\/v2\/posts\/2491"}],"collection":[{"href":"https:\/\/aizu.barakaldo.eus\/es\/wp-json\/wp\/v2\/posts"}],"about":[{"href":"https:\/\/aizu.barakaldo.eus\/es\/wp-json\/wp\/v2\/types\/post"}],"author":[{"embeddable":true,"href":"https:\/\/aizu.barakaldo.eus\/es\/wp-json\/wp\/v2\/users\/5"}],"replies":[{"embeddable":true,"href":"https:\/\/aizu.barakaldo.eus\/es\/wp-json\/wp\/v2\/comments?post=2491"}],"version-history":[{"count":5,"href":"https:\/\/aizu.barakaldo.eus\/es\/wp-json\/wp\/v2\/posts\/2491\/revisions"}],"predecessor-version":[{"id":3270,"href":"https:\/\/aizu.barakaldo.eus\/es\/wp-json\/wp\/v2\/posts\/2491\/revisions\/3270"}],"wp:featuredmedia":[{"embeddable":true,"href":"https:\/\/aizu.barakaldo.eus\/es\/wp-json\/wp\/v2\/media\/2492"}],"wp:attachment":[{"href":"https:\/\/aizu.barakaldo.eus\/es\/wp-json\/wp\/v2\/media?parent=2491"}],"wp:term":[{"taxonomy":"category","embeddable":true,"href":"https:\/\/aizu.barakaldo.eus\/es\/wp-json\/wp\/v2\/categories?post=2491"},{"taxonomy":"post_tag","embeddable":true,"href":"https:\/\/aizu.barakaldo.eus\/es\/wp-json\/wp\/v2\/tags?post=2491"}],"curies":[{"name":"wp","href":"https:\/\/api.w.org\/{rel}","templated":true}]}}