{"id":2642,"date":"2016-07-28T13:49:50","date_gmt":"2016-07-28T11:49:50","guid":{"rendered":"http:\/\/aizu.barakaldo.eus\/?p=2642"},"modified":"2017-03-01T14:51:13","modified_gmt":"2017-03-01T13:51:13","slug":"retuerto-celebra-desde-este-jueves-28-sus-populares-fiestas-con-homenaje-al-erreka-ortu","status":"publish","type":"post","link":"https:\/\/aizu.barakaldo.eus\/es\/2016\/07\/retuerto-celebra-desde-este-jueves-28-sus-populares-fiestas-con-homenaje-al-erreka-ortu\/","title":{"rendered":"Retuerto celebra desde este jueves 28 sus populares fiestas con homenaje al Erreka-Ortu"},"content":{"rendered":"<p><strong>PROGRAMA DE FIESTAS<br \/>\n<\/strong><br \/>\n<span style=\"font-family: 'arial black', sans-serif;\"><strong>JUEVES, 28 DE JULIO<\/strong><\/span><br \/>\n11.00h Talleres infantiles con Peli\u00f1ecos Rubio en el Grupo Loizaga<br \/>\n11.00h Juegos infantiles con nuestro entra\u00f1able alcalde Oskar Jakue y sus compinches, en el Grupo Loizaga<br \/>\n11.30h Durante todo el d\u00eda, parque infantil en el Grupo Loizaga<br \/>\n12.00h IV campeonato infantil de lanzamiento de papel higi\u00e9nico, en el Grupo Loizaga<br \/>\n13.00h XXIV Campeonato de lanzamiento de chapela infantil, en el Grupo Loizaga<br \/>\n13.30h Ba\u00f1o de espuma para los ni\u00f1os en el Grupo Loizaga<br \/>\n18.00h Magia con Txagu Magu en la plaza de avenida de Euskadi<br \/>\n19.00h a 21.00h Exposici\u00f3n \u2018Retuerto en mi pintura\u2019 del artista Javier Santurt\u00fan, en el centro de jubilados<br \/>\n19.00h Degustaci\u00f3n de costilla asada en el bar Mendialde<br \/>\n19.00h a 21.00h Fiesta 10.\u00ba aniversario Cervecer\u00eda La Fragua (canap\u00e9s gratis)<br \/>\n19.30h Kantak eta Kontuak, con Gontzal Mendibil, en la plaza avenida de Euskadi<\/p>\n<p><strong><span style=\"font-family: 'arial black', sans-serif;\">VIERNES, 29 DE JULIO<\/span><\/strong><br \/>\n11.00h Actividades infantiles con Erreka Ortu Euskal Dantza Taldea en la plaza de Gals\u00faa<br \/>\n11.00h Juegos infantiles con nuestro entra\u00f1able alcalde Oskar Jakue y sus compinches, en la plaza de Gals\u00faa<br \/>\n12.00h Guerra de globos de agua en la plaza de Gals\u00faa, organizado por LaTiendilla<br \/>\n12.30h a 14.30h Exposici\u00f3n de Javier Santurt\u00fan, en el centro de jubilados<br \/>\n13.00h Ba\u00f1o de espuma para los ni\u00f1os en la plaza de Gals\u00faa<br \/>\n18.00h Chicharrillo con Los Palmera, en la plaza de avenida de Euskadi<br \/>\n19.00h a 21.00h Exposici\u00f3n de Javier Santurt\u00fan, en el centro de jubilados<br \/>\n19.30h XXIII Bajada Mundial de Cuadrillas, acompa\u00f1ados por los chistularis del Ayuntamiento y tamborrada a cargo de Erreka Ortu Euskal Dantza Taldea (como se hac\u00eda hace a\u00f1os), en conmemoraci\u00f3n de su 50\u00ba aniversario<br \/>\n20.00h Entrega del bast\u00f3n de mando festivo por parte de la comisi\u00f3n de fiestas de Desertu Berria<br \/>\n20.15h Desde el balc\u00f3n de la iglesia, lectura del preg\u00f3n a cargo de Erreka Ortu Euskal Dantza Taldea, y entrega de los premios a los ganadores de los concursos de cartel y pa\u00f1uelo. Lanzamiento del chupinazo a cargo del ganador del concurso de dise\u00f1o del pa\u00f1uelo de fiestas, Sabino de Bilbao<br \/>\n20.30h Encierro con astados de enorme bravura<br \/>\n20.30h Chorizada y morcillada popular a cargo de la asociaci\u00f3n Barakaldo con el S\u00e1hara-Salam<br \/>\n20.30h a 24.00h Primo Bayo y su carro, en avenida de Euskadi y Norberto Acebal<br \/>\n24.00h Verbena con Kresala, en la plaza de Gals\u00faa<\/p>\n<p><span style=\"font-family: 'arial black', sans-serif;\"><strong>SABADO, 30 DE JULIO<\/strong><\/span><br \/>\n10.00h Pasacalles con chistularis.<br \/>\n10.00h Apertura del XXIV Concurso Mundial Gastron\u00f3mico de Marmitako en la calle Gals\u00faa<br \/>\n10.30h IV Campeonato Futbol 5 San Ignacio (adultos e hijos).<br \/>\n11.00h VI Torneo San Ignacio de f\u00fatbol de veteranos organizado por la SD Retuerto Sport. Campo de Ibarreta<br \/>\n12.30 a 14.30h Exposici\u00f3n de Javier Santurt\u00fan, en el centro de jubilados<br \/>\n13.30h Entrega de las cazuelas de marmitako<br \/>\n18.00h a 20.00h Maquillaje y tatuajes de fantas\u00eda en el caf\u00e9 Bar Loizaga<br \/>\n18.00h Pasacalles con la fanfarria El Despiste<br \/>\n18.00h Alarde de danzas: Erreka Ortu Euskal Dantza Taldea, en la plaza de Gals\u00faa, acompa\u00f1ado por la Coral Zigor de Barakaldo<br \/>\n19.00 a 21.00h Exposici\u00f3n de Javier Santurt\u00fan, en el centro de jubilados<br \/>\n19.00h Apertura del XI Concurso Mundial de Tortillas, en la plaza de avenida de Euskadi<br \/>\n19.00h XXX Campeonato Mundial de Lanzamiento de Chapela (masculino y femenino), en la calle Gals\u00faa<br \/>\n20.00h Sardinada popular (organizada por la cuadrilla Komando Am\u00e9zaga), junto al bar Mendialde<br \/>\n20.00h Si tu cuerpo quieres menear, con Sakatu Electrotxaranga ven a bailar y todo el barrio recorrer\u00e1s<br \/>\n20.00h Play Dance Studio, exhibici\u00f3n de bailes urbanos en la plaza de Gals\u00faa<br \/>\n20,30 a 01.30h Primo Bayo y su carro, en el Grupo Loizaga<br \/>\n21.00h Taller de zumba en el escenario de la plaza de Gals\u00faa, dirigido por Tania Neira<br \/>\n22.00h a 23.00h Discoteka Infantil, en el escenario de la plaza Gals\u00faa<br \/>\n24.00h DJ Jaikide discofiesta, en la plaza de Gals\u00faa<\/p>\n<p><span style=\"font-family: 'arial black', sans-serif;\"><strong>DOMINGO, 31 DE JULIO<\/strong><\/span><br \/>\n10.00h Pasacalles con los chistularis del Ayuntamiento<br \/>\n10.00h Apertura de la XVI Feria Agr\u00edcola, organizada por Itsasadar Sagardotegia<br \/>\n11.30h Procesi\u00f3n de San Ignacio, aurresku de honor y a continuaci\u00f3n, misa mayor<br \/>\n12.30h a 14.30h Exposici\u00f3n de Javier Santurt\u00fan, en el centro de jubilados<br \/>\n13.00h Concierto de la Banda Municipal, en la calle Norberto Acebal<br \/>\n17.30h Exhibici\u00f3n de deporte rural, en la plaza de Gals\u00faa<br \/>\n18.00h Pasacalles con la fanfarria El Despiste<br \/>\n18.30h IV Campeonato Mundial de Lanzamiento de Papel Gigi\u00e9nico, en la calle Gals\u00faa<br \/>\n19.00h Pinchos morunos en el bar Ushuaia<br \/>\n19.00h a 21.00h Exposici\u00f3n de Javier Santurt\u00fan, en el centro de jubilados<br \/>\n20.00h Homenaje a Erreka Ortu Euskal Dantza Taldea, con motivo de su 50.\u00ba aniversario<br \/>\n20.30h Tr\u00edo Veracruz, en plaza de Gals\u00faa<br \/>\n23.00h Trac\u00f3n de fin de fiestas, a cargo de la ganadora del concurso de dise\u00f1o del cartel de fiestas, Mertxe P\u00e9rez<\/p>\n<p>Fuente: <a href=\"http:\/\/barakaldodigital.blogspot.com.es\/2016\/07\/retuerto-celebra-desde-este-jueves-28.html\">Barakaldo Digital\u00a0<\/a><\/p>\n<!-- AddThis Advanced Settings generic via filter on the_content --><!-- AddThis Share Buttons generic via filter on the_content -->","protected":false},"excerpt":{"rendered":"<p>PROGRAMA DE FIESTAS JUEVES, 28 DE JULIO 11.00h Talleres infantiles con Peli\u00f1ecos Rubio en el Grupo Loizaga 11.00h Juegos infantiles con nuestro entra\u00f1able alcalde Oskar Jakue y sus compinches, en el Grupo Loizaga 11.30h Durante todo el d\u00eda, parque infantil en el Grupo Loizaga 12.00h IV campeonato infantil de lanzamiento de papel higi\u00e9nico, en el [&hellip;]<!-- AddThis Advanced Settings generic via filter on get_the_excerpt --><!-- AddThis Share Buttons generic via filter on get_the_excerpt --><\/p>\n","protected":false},"author":5,"featured_media":2643,"comment_status":"open","ping_status":"open","sticky":false,"template":"","format":"standard","meta":{"footnotes":""},"categories":[7],"tags":[122,361,579],"_links":{"self":[{"href":"https:\/\/aizu.barakaldo.eus\/es\/wp-json\/wp\/v2\/posts\/2642"}],"collection":[{"href":"https:\/\/aizu.barakaldo.eus\/es\/wp-json\/wp\/v2\/posts"}],"about":[{"href":"https:\/\/aizu.barakaldo.eus\/es\/wp-json\/wp\/v2\/types\/post"}],"author":[{"embeddable":true,"href":"https:\/\/aizu.barakaldo.eus\/es\/wp-json\/wp\/v2\/users\/5"}],"replies":[{"embeddable":true,"href":"https:\/\/aizu.barakaldo.eus\/es\/wp-json\/wp\/v2\/comments?post=2642"}],"version-history":[{"count":5,"href":"https:\/\/aizu.barakaldo.eus\/es\/wp-json\/wp\/v2\/posts\/2642\/revisions"}],"predecessor-version":[{"id":2671,"href":"https:\/\/aizu.barakaldo.eus\/es\/wp-json\/wp\/v2\/posts\/2642\/revisions\/2671"}],"wp:featuredmedia":[{"embeddable":true,"href":"https:\/\/aizu.barakaldo.eus\/es\/wp-json\/wp\/v2\/media\/2643"}],"wp:attachment":[{"href":"https:\/\/aizu.barakaldo.eus\/es\/wp-json\/wp\/v2\/media?parent=2642"}],"wp:term":[{"taxonomy":"category","embeddable":true,"href":"https:\/\/aizu.barakaldo.eus\/es\/wp-json\/wp\/v2\/categories?post=2642"},{"taxonomy":"post_tag","embeddable":true,"href":"https:\/\/aizu.barakaldo.eus\/es\/wp-json\/wp\/v2\/tags?post=2642"}],"curies":[{"name":"wp","href":"https:\/\/api.w.org\/{rel}","templated":true}]}}