{"id":2676,"date":"2016-08-18T11:46:41","date_gmt":"2016-08-18T09:46:41","guid":{"rendered":"http:\/\/aizu.barakaldo.eus\/?p=2676"},"modified":"2017-04-25T16:23:50","modified_gmt":"2017-04-25T14:23:50","slug":"espana-es-el-pais-europeo-con-mayor-adiccion-adolescente-a-internet","status":"publish","type":"post","link":"https:\/\/aizu.barakaldo.eus\/es\/2016\/08\/espana-es-el-pais-europeo-con-mayor-adiccion-adolescente-a-internet\/","title":{"rendered":"Espa\u00f1a es el pa\u00eds europeo con mayor adicci\u00f3n adolescente a Internet"},"content":{"rendered":"<p><\/p>\n<div class=\"moveable_w\" data-element-id=\"particle_f3c5bc22-792d-4bae-8bae-d8e5bf63fe9a\" data-object-id=\"f3c5bc22-792d-4bae-8bae-d8e5bf63fe9a\" data-object-type=\"particle\"><\/div>\n<div class=\"moveable_w\" data-element-id=\"particle_f3c5bc22-792d-4bae-8bae-d8e5bf63fe9a\" data-object-id=\"f3c5bc22-792d-4bae-8bae-d8e5bf63fe9a\" data-object-type=\"particle\"><\/div>\n<div class=\"moveable_w\" data-element-id=\"particle_f3c5bc22-792d-4bae-8bae-d8e5bf63fe9a\" data-object-id=\"f3c5bc22-792d-4bae-8bae-d8e5bf63fe9a\" data-object-type=\"particle\">Viven pegados a las pantallas. No conciben su vida sin estar permanentemente conectados. Quieren estar al tanto de todo lo que ocurre en su entorno social y no reconocen su adicci\u00f3n. Sin embargo, la dependencia de las nuevas tecnolog\u00edas es un problema real y <strong>afecta, sobre todo, a los adolescentes y a los menores de 35 a\u00f1os<\/strong>. Un estudio de la <a href=\"http:\/\/www.unicef.es\/infancia\/ong-espana\/premios-unicef\/premio-unicef-espana-transforma-protegeles\" target=\"_blank\">ONG Prot\u00e9geles<\/a> alerta de que el 21,3% de los j\u00f3venes espa\u00f1oles <a href=\"http:\/\/www.elmundo.es\/f5\/2016\/07\/24\/579243f9e5fdea86688b45a7.html\" target=\"_blank\">est\u00e1 en riesgo<\/a> de convertirse en adicto a las nuevas tecnolog\u00edas. El 1,5% ya lo es.<\/div>\n<div class=\"moveable_w\" data-element-id=\"particle_f3c5bc22-792d-4bae-8bae-d8e5bf63fe9a\" data-object-id=\"f3c5bc22-792d-4bae-8bae-d8e5bf63fe9a\" data-object-type=\"particle\"><\/div>\n<div class=\"moveable_w\" data-element-id=\"particle_f3c5bc22-792d-4bae-8bae-d8e5bf63fe9a\" data-object-id=\"f3c5bc22-792d-4bae-8bae-d8e5bf63fe9a\" data-object-type=\"particle\">Si quieres leer la noticia completa pincha en el siguiente enlace.<\/div>\n<p>Fuente: <a href=\"http:\/\/www.elmundo.es\/papel\/todologia\/2016\/08\/16\/57b2eedae2704e93118b45ad.html\">El mundo<\/a><\/p>\n<p>&nbsp;<\/p>\n<!-- AddThis Advanced Settings generic via filter on the_content --><!-- AddThis Share Buttons generic via filter on the_content -->","protected":false},"excerpt":{"rendered":"<p>Viven pegados a las pantallas. No conciben su vida sin estar permanentemente conectados. Quieren estar al tanto de todo lo que ocurre en su entorno social y no reconocen su adicci\u00f3n. Sin embargo, la dependencia de las nuevas tecnolog\u00edas es un problema real y afecta, sobre todo, a los adolescentes y a los menores de [&hellip;]<!-- AddThis Advanced Settings generic via filter on get_the_excerpt --><!-- AddThis Share Buttons generic via filter on get_the_excerpt --><\/p>\n","protected":false},"author":5,"featured_media":2677,"comment_status":"open","ping_status":"open","sticky":false,"template":"","format":"standard","meta":{"footnotes":""},"categories":[6],"tags":[119,183,100,13],"_links":{"self":[{"href":"https:\/\/aizu.barakaldo.eus\/es\/wp-json\/wp\/v2\/posts\/2676"}],"collection":[{"href":"https:\/\/aizu.barakaldo.eus\/es\/wp-json\/wp\/v2\/posts"}],"about":[{"href":"https:\/\/aizu.barakaldo.eus\/es\/wp-json\/wp\/v2\/types\/post"}],"author":[{"embeddable":true,"href":"https:\/\/aizu.barakaldo.eus\/es\/wp-json\/wp\/v2\/users\/5"}],"replies":[{"embeddable":true,"href":"https:\/\/aizu.barakaldo.eus\/es\/wp-json\/wp\/v2\/comments?post=2676"}],"version-history":[{"count":6,"href":"https:\/\/aizu.barakaldo.eus\/es\/wp-json\/wp\/v2\/posts\/2676\/revisions"}],"predecessor-version":[{"id":3267,"href":"https:\/\/aizu.barakaldo.eus\/es\/wp-json\/wp\/v2\/posts\/2676\/revisions\/3267"}],"wp:featuredmedia":[{"embeddable":true,"href":"https:\/\/aizu.barakaldo.eus\/es\/wp-json\/wp\/v2\/media\/2677"}],"wp:attachment":[{"href":"https:\/\/aizu.barakaldo.eus\/es\/wp-json\/wp\/v2\/media?parent=2676"}],"wp:term":[{"taxonomy":"category","embeddable":true,"href":"https:\/\/aizu.barakaldo.eus\/es\/wp-json\/wp\/v2\/categories?post=2676"},{"taxonomy":"post_tag","embeddable":true,"href":"https:\/\/aizu.barakaldo.eus\/es\/wp-json\/wp\/v2\/tags?post=2676"}],"curies":[{"name":"wp","href":"https:\/\/api.w.org\/{rel}","templated":true}]}}