{"id":2874,"date":"2016-12-16T09:50:05","date_gmt":"2016-12-16T08:50:05","guid":{"rendered":"http:\/\/aizu.barakaldo.eus\/?p=2874"},"modified":"2017-04-25T14:50:14","modified_gmt":"2017-04-25T12:50:14","slug":"ya-esta-disponible-el-nuevo-telefono-contra-el-acoso-escolar-el-900-018-018","status":"publish","type":"post","link":"https:\/\/aizu.barakaldo.eus\/es\/2016\/12\/ya-esta-disponible-el-nuevo-telefono-contra-el-acoso-escolar-el-900-018-018\/","title":{"rendered":"Tel\u00e9fono contra el acoso escolar: 900 018 018"},"content":{"rendered":"<p><\/p>\n<div class=\"content\">\n<div class=\"field field-name-body field-type-text-with-summary field-label-hidden\">\n<div class=\"field-items\">\n<div class=\"field-item even\">\n<p>Despu\u00e9s de los casos de acoso escolar que acabaron en suicidio el a\u00f1o pasado y debido a que <strong>el problema del acoso afecta a un 4% del alumnado,<\/strong><strong><a title=\"Ministerio de Educaci\u00f3n, Cultura y Deporte\" href=\"http:\/\/www.mecd.gob.es\/\" target=\"_blank\">el Ministerio de Educaci\u00f3n, Cultura y Deporte<\/a><\/strong> decidi\u00f3 poner en marcha un n\u00famero de tel\u00e9fono para que las v\u00edctimas o los testigos puedan contar con una v\u00eda para denunciarlo.<\/p>\n<p><strong>A partir del 1 de noviembre <\/strong>cualquiera que quiera denunciar un caso de acoso o malos tratos ocurrido dentro o fuera de los centros escolares puede hacerlo llamando al tel\u00e9fono <strong>900 018 018<\/strong> con la tranquilidad de que la llamada no deja rastro en la factura.<\/p>\n<p>El tel\u00e9fono est\u00e1 a disposici\u00f3n de <strong>alumnos, profesores y padres y madres<\/strong>. <strong>Funcionar\u00e1 las 24 horas del d\u00eda, los 365 d\u00edas del a\u00f1o y ser\u00e1 gratuito y an\u00f3nimo<\/strong>, ya que la privacidad es un valor importante para la v\u00edctima.<\/p>\n<p>Detr\u00e1s de este tel\u00e9fono hay un equipo de profesionales de psicolog\u00eda, abogados, soci\u00f3logos y trabajadores sociales.<\/p>\n<p>Tambi\u00e9n habr\u00e1 personal experto en atender los casos de ciberacoso a trav\u00e9s de internet, la mensajer\u00eda instant\u00e1nea o las redes sociales.<\/p>\n<p>Despu\u00e9s de la asistencia telef\u00f3nica se derivar\u00e1n los casos particulares a <strong>inspecci\u00f3n educativa, a personal m\u00e9dico, al Ministerio Fiscal o a las Fueras de Seguridad del Estado seg\u00fan corresponda.<\/strong><\/p>\n<p>El Ministerio de Educaci\u00f3n adem\u00e1s ha creado un fichero de <strong>&#8220;Atenci\u00f3n de casos de acoso escolar y malos tratos en el \u00e1mbito de los centros docentes del sistema educativo espa\u00f1ol&#8221; <\/strong>para la gesti\u00f3n de consultas y peticiones de ayuda relativas a casos de acoso escolar tras recogerse a trav\u00e9s del nuevo tel\u00e9fono, por correo postal, fax y formularios impresos y electr\u00f3nico publicados en la web del Ministerio de Educaci\u00f3n.<\/p>\n<\/div>\n<p>&nbsp;<\/p>\n<p>Fuente: <a href=\"http:\/\/www.chaval.es\/chavales\/proteccion\/ya-est%C3%A1-disponible-el-nuevo-tel%C3%A9fono-contra-el-acoso-escolar-el-900-018-018\">chaval.es<\/a><\/p>\n<\/div>\n<\/div>\n<\/div>\n<p><\/p>\n<!-- AddThis Advanced Settings generic via filter on the_content --><!-- AddThis Share Buttons generic via filter on the_content -->","protected":false},"excerpt":{"rendered":"<p>Despu\u00e9s de los casos de acoso escolar que acabaron en suicidio el a\u00f1o pasado y debido a que el problema del acoso afecta a un 4% del alumnado,el Ministerio de Educaci\u00f3n, Cultura y Deporte decidi\u00f3 poner en marcha un n\u00famero de tel\u00e9fono para que las v\u00edctimas o los testigos puedan contar con una v\u00eda para [&hellip;]<!-- AddThis Advanced Settings generic via filter on get_the_excerpt --><!-- AddThis Share Buttons generic via filter on get_the_excerpt --><\/p>\n","protected":false},"author":5,"featured_media":2875,"comment_status":"open","ping_status":"open","sticky":false,"template":"","format":"standard","meta":{"footnotes":""},"categories":[6],"tags":[248,501],"_links":{"self":[{"href":"https:\/\/aizu.barakaldo.eus\/es\/wp-json\/wp\/v2\/posts\/2874"}],"collection":[{"href":"https:\/\/aizu.barakaldo.eus\/es\/wp-json\/wp\/v2\/posts"}],"about":[{"href":"https:\/\/aizu.barakaldo.eus\/es\/wp-json\/wp\/v2\/types\/post"}],"author":[{"embeddable":true,"href":"https:\/\/aizu.barakaldo.eus\/es\/wp-json\/wp\/v2\/users\/5"}],"replies":[{"embeddable":true,"href":"https:\/\/aizu.barakaldo.eus\/es\/wp-json\/wp\/v2\/comments?post=2874"}],"version-history":[{"count":4,"href":"https:\/\/aizu.barakaldo.eus\/es\/wp-json\/wp\/v2\/posts\/2874\/revisions"}],"predecessor-version":[{"id":3253,"href":"https:\/\/aizu.barakaldo.eus\/es\/wp-json\/wp\/v2\/posts\/2874\/revisions\/3253"}],"wp:featuredmedia":[{"embeddable":true,"href":"https:\/\/aizu.barakaldo.eus\/es\/wp-json\/wp\/v2\/media\/2875"}],"wp:attachment":[{"href":"https:\/\/aizu.barakaldo.eus\/es\/wp-json\/wp\/v2\/media?parent=2874"}],"wp:term":[{"taxonomy":"category","embeddable":true,"href":"https:\/\/aizu.barakaldo.eus\/es\/wp-json\/wp\/v2\/categories?post=2874"},{"taxonomy":"post_tag","embeddable":true,"href":"https:\/\/aizu.barakaldo.eus\/es\/wp-json\/wp\/v2\/tags?post=2874"}],"curies":[{"name":"wp","href":"https:\/\/api.w.org\/{rel}","templated":true}]}}