{"id":3170,"date":"2017-03-24T09:33:31","date_gmt":"2017-03-24T08:33:31","guid":{"rendered":"http:\/\/aizu.barakaldo.eus\/?p=3170"},"modified":"2017-03-24T09:34:29","modified_gmt":"2017-03-24T08:34:29","slug":"five-days-to-dance","status":"publish","type":"post","link":"https:\/\/aizu.barakaldo.eus\/es\/2017\/03\/five-days-to-dance\/","title":{"rendered":"Five Days To Dance"},"content":{"rendered":"<p><\/p>\n<div>\n<blockquote style=\"border-left: black 2px solid; padding-left: 5px; padding-right: 0px; margin-left: 5px; margin-right: 0px;\">\n<div><iframe loading=\"lazy\" src=\"\/\/www.youtube.com\/embed\/ILFwyHnwVSI\" width=\"560\" height=\"314\" allowfullscreen=\"allowfullscreen\"><\/iframe><\/div>\n<\/blockquote>\n<\/div>\n<p>&nbsp;<\/p>\n<p>Este proyecto est\u00e1 dirigido a chicas y chicos de 15 a\u00f1os en adelante y, de verdad, puede suponer una experiencia muy distinta a cuantas hay\u00e1is tenido hasta ahora; Se trata de una oportunidad de expresaros tal cual sois y de que se os tenga en cuenta, se os valore y se os de voz. Y de que, vosotros y vosotras, tambi\u00e9n deis voz a esos\/as otros\/as ni\u00f1os y ni\u00f1as que no la tienen&#8230;<span style=\"font-family: 'Default Sans Serif', Verdana, Arial, Helvetica, sans-serif; font-size: small;\"><span style=\"line-height: 19.5px;\">\u00a0<\/span><\/span>Os animo a que ech\u00e9is un vistazo y, cualquier duda que teng\u00e1is, cualquier curiosidad, no dud\u00e9is en contactar \u00a0a trav\u00e9s del correo\u00a0<a href=\"mailto:taldegaztea11@websurfer.es\">taldegaztea11@websurfer.es<\/a>, o del m\u00f3vil 688 80 98 99.<\/p>\n<p>&nbsp;<\/p>\n<!-- AddThis Advanced Settings generic via filter on the_content --><!-- AddThis Share Buttons generic via filter on the_content -->","protected":false},"excerpt":{"rendered":"<p>&nbsp; Este proyecto est\u00e1 dirigido a chicas y chicos de 15 a\u00f1os en adelante y, de verdad, puede suponer una experiencia muy distinta a cuantas hay\u00e1is tenido hasta ahora; Se trata de una oportunidad de expresaros tal cual sois y de que se os tenga en cuenta, se os valore y se os de voz. [&hellip;]<!-- AddThis Advanced Settings generic via filter on get_the_excerpt --><!-- AddThis Share Buttons generic via filter on get_the_excerpt --><\/p>\n","protected":false},"author":5,"featured_media":0,"comment_status":"open","ping_status":"open","sticky":false,"template":"","format":"standard","meta":{"footnotes":""},"categories":[7],"tags":[209,352,122,587,586,208,183,458],"_links":{"self":[{"href":"https:\/\/aizu.barakaldo.eus\/es\/wp-json\/wp\/v2\/posts\/3170"}],"collection":[{"href":"https:\/\/aizu.barakaldo.eus\/es\/wp-json\/wp\/v2\/posts"}],"about":[{"href":"https:\/\/aizu.barakaldo.eus\/es\/wp-json\/wp\/v2\/types\/post"}],"author":[{"embeddable":true,"href":"https:\/\/aizu.barakaldo.eus\/es\/wp-json\/wp\/v2\/users\/5"}],"replies":[{"embeddable":true,"href":"https:\/\/aizu.barakaldo.eus\/es\/wp-json\/wp\/v2\/comments?post=3170"}],"version-history":[{"count":2,"href":"https:\/\/aizu.barakaldo.eus\/es\/wp-json\/wp\/v2\/posts\/3170\/revisions"}],"predecessor-version":[{"id":3172,"href":"https:\/\/aizu.barakaldo.eus\/es\/wp-json\/wp\/v2\/posts\/3170\/revisions\/3172"}],"wp:attachment":[{"href":"https:\/\/aizu.barakaldo.eus\/es\/wp-json\/wp\/v2\/media?parent=3170"}],"wp:term":[{"taxonomy":"category","embeddable":true,"href":"https:\/\/aizu.barakaldo.eus\/es\/wp-json\/wp\/v2\/categories?post=3170"},{"taxonomy":"post_tag","embeddable":true,"href":"https:\/\/aizu.barakaldo.eus\/es\/wp-json\/wp\/v2\/tags?post=3170"}],"curies":[{"name":"wp","href":"https:\/\/api.w.org\/{rel}","templated":true}]}}