{"id":3414,"date":"2017-09-13T16:55:03","date_gmt":"2017-09-13T14:55:03","guid":{"rendered":"http:\/\/aizu.barakaldo.eus\/?p=3414"},"modified":"2018-01-03T14:46:44","modified_gmt":"2018-01-03T13:46:44","slug":"rastrillo-solidario","status":"publish","type":"post","link":"https:\/\/aizu.barakaldo.eus\/es\/2017\/09\/rastrillo-solidario\/","title":{"rendered":"RASTRILLO SOLIDARIO"},"content":{"rendered":"<p><a href=\"http:\/\/aizu.barakaldo.eus\/2017\/09\/rastrillo-solidario\/rastrillo-solidario-retuerto\/\" rel=\"attachment wp-att-3415\"><img loading=\"lazy\" decoding=\"async\" class=\"aligncenter wp-image-3415\" src=\"http:\/\/aizu.barakaldo.eus\/wp-content\/uploads\/2017\/09\/RASTRILLO-SOLIDARIO-RETUERTO.jpg\" alt=\"\" width=\"500\" height=\"707\" srcset=\"https:\/\/aizu.barakaldo.eus\/wp-content\/uploads\/2017\/09\/RASTRILLO-SOLIDARIO-RETUERTO.jpg 1131w, https:\/\/aizu.barakaldo.eus\/wp-content\/uploads\/2017\/09\/RASTRILLO-SOLIDARIO-RETUERTO-212x300.jpg 212w, https:\/\/aizu.barakaldo.eus\/wp-content\/uploads\/2017\/09\/RASTRILLO-SOLIDARIO-RETUERTO-768x1086.jpg 768w, https:\/\/aizu.barakaldo.eus\/wp-content\/uploads\/2017\/09\/RASTRILLO-SOLIDARIO-RETUERTO-724x1024.jpg 724w, https:\/\/aizu.barakaldo.eus\/wp-content\/uploads\/2017\/09\/RASTRILLO-SOLIDARIO-RETUERTO-71x100.jpg 71w, https:\/\/aizu.barakaldo.eus\/wp-content\/uploads\/2017\/09\/RASTRILLO-SOLIDARIO-RETUERTO-37x53.jpg 37w\" sizes=\"(max-width: 500px) 100vw, 500px\" \/><\/a><\/p>\n<p>&nbsp;<\/p>\n<p>El grupo de danzas <a href=\"https:\/\/www.facebook.com\/errekaortu\/\" target=\"_blank\" rel=\"noopener\">Erreka-Ortu<\/a> de Retuerto ha organizado, un a\u00f1o m\u00e1s, su rastrillo solidario en favor de la ONG\u00a0<a href=\"http:\/\/www.oxfamintermon.org\/es\/leads\/1?gclid=CK7-gcbb-McCFSYUwwoddDwE0g\" target=\"_blank\" rel=\"noopener\">Oxfam Interm\u00f3n<\/a>.<!--more--> Con este motivo, la asociaci\u00f3n solicita a los vecinos que donen objetos usados en buen estado con el fin de venderlos en este encuentro. Las donaciones se reciben los martes 19 y 26 de septiembre y los jueves 21 y 28, en todos los casos en horario de 19.30 a 20.30 horas, en el local del Erreka-Ortu, en el n\u00famero 10 de la calle Retuerto, anexo a la iglesia. La feria solidaria est\u00e1 prevista la ma\u00f1ana del 1 de octubre, de 11.30 a 14.00, en la plaza del quiosco de m\u00fasica.<\/p>\n<p><b>Informaci\u00f3n sobre el rastrillo<\/b>.\u00a0<a href=\"tel:688813999\" target=\"_blank\" rel=\"noopener\">688 813 999<\/a><\/p>\n<p>&nbsp;<\/p>\n<p>Fuente: barakaldodigital.com<\/p>\n<!-- AddThis Advanced Settings generic via filter on the_content --><!-- AddThis Share Buttons generic via filter on the_content -->","protected":false},"excerpt":{"rendered":"<p>&nbsp; El grupo de danzas Erreka-Ortu de Retuerto ha organizado, un a\u00f1o m\u00e1s, su rastrillo solidario en favor de la ONG\u00a0Oxfam Interm\u00f3n.<!-- AddThis Advanced Settings generic via filter on get_the_excerpt --><!-- AddThis Share Buttons generic via filter on get_the_excerpt --><\/p>\n","protected":false},"author":5,"featured_media":3950,"comment_status":"open","ping_status":"open","sticky":false,"template":"","format":"standard","meta":{"footnotes":""},"categories":[7],"tags":[608,579,549],"_links":{"self":[{"href":"https:\/\/aizu.barakaldo.eus\/es\/wp-json\/wp\/v2\/posts\/3414"}],"collection":[{"href":"https:\/\/aizu.barakaldo.eus\/es\/wp-json\/wp\/v2\/posts"}],"about":[{"href":"https:\/\/aizu.barakaldo.eus\/es\/wp-json\/wp\/v2\/types\/post"}],"author":[{"embeddable":true,"href":"https:\/\/aizu.barakaldo.eus\/es\/wp-json\/wp\/v2\/users\/5"}],"replies":[{"embeddable":true,"href":"https:\/\/aizu.barakaldo.eus\/es\/wp-json\/wp\/v2\/comments?post=3414"}],"version-history":[{"count":3,"href":"https:\/\/aizu.barakaldo.eus\/es\/wp-json\/wp\/v2\/posts\/3414\/revisions"}],"predecessor-version":[{"id":3428,"href":"https:\/\/aizu.barakaldo.eus\/es\/wp-json\/wp\/v2\/posts\/3414\/revisions\/3428"}],"wp:featuredmedia":[{"embeddable":true,"href":"https:\/\/aizu.barakaldo.eus\/es\/wp-json\/wp\/v2\/media\/3950"}],"wp:attachment":[{"href":"https:\/\/aizu.barakaldo.eus\/es\/wp-json\/wp\/v2\/media?parent=3414"}],"wp:term":[{"taxonomy":"category","embeddable":true,"href":"https:\/\/aizu.barakaldo.eus\/es\/wp-json\/wp\/v2\/categories?post=3414"},{"taxonomy":"post_tag","embeddable":true,"href":"https:\/\/aizu.barakaldo.eus\/es\/wp-json\/wp\/v2\/tags?post=3414"}],"curies":[{"name":"wp","href":"https:\/\/api.w.org\/{rel}","templated":true}]}}