{"id":3505,"date":"2017-11-04T13:09:39","date_gmt":"2017-11-04T12:09:39","guid":{"rendered":"http:\/\/aizu.barakaldo.eus\/?p=3505"},"modified":"2018-01-03T14:21:48","modified_gmt":"2018-01-03T13:21:48","slug":"fotopop-events","status":"publish","type":"post","link":"https:\/\/aizu.barakaldo.eus\/es\/2017\/11\/fotopop-events\/","title":{"rendered":"FOTOPOP EVENTS"},"content":{"rendered":"<p><a href=\"http:\/\/aizu.barakaldo.eus\/2017\/11\/fotopop-events\/fotopopevents-001\/\" rel=\"attachment wp-att-3506\"><img loading=\"lazy\" decoding=\"async\" class=\"aligncenter wp-image-3506\" src=\"http:\/\/aizu.barakaldo.eus\/wp-content\/uploads\/2017\/11\/fotopopevents.001.jpeg\" alt=\"\" width=\"500\" height=\"281\" srcset=\"https:\/\/aizu.barakaldo.eus\/wp-content\/uploads\/2017\/11\/fotopopevents.001.jpeg 640w, https:\/\/aizu.barakaldo.eus\/wp-content\/uploads\/2017\/11\/fotopopevents.001-300x169.jpeg 300w, https:\/\/aizu.barakaldo.eus\/wp-content\/uploads\/2017\/11\/fotopopevents.001-100x56.jpeg 100w, https:\/\/aizu.barakaldo.eus\/wp-content\/uploads\/2017\/11\/fotopopevents.001-53x30.jpeg 53w\" sizes=\"(max-width: 500px) 100vw, 500px\" \/><\/a><\/p>\n<p>&nbsp;<\/p>\n<p>El centro de desarrollo empresarial <a href=\"http:\/\/bicezkerraldea.eus\/\" target=\"_blank\" rel=\"noopener\">BIC Bizkaia Ezkerraldea<\/a> acoge este 18 y 19 de noviembre dos jornadas con conferencias, talleres y exposiciones dirigida a profesionales y aficionados de la fotograf\u00eda. La iniciativa recibe el nombre de\u00a0Fotopop Events y est\u00e1 organizada por la empresa <a href=\"https:\/\/fotopop.eus\/\" target=\"_blank\" rel=\"noopener\">Fotopop<\/a>, que ha fijado un precio de acceso de 50 euros. El plan de actividades incluye &#8220;cinco conferencias, cuatro talleres, una zona de puestos con material editorial fotogr\u00e1fico, una sesi\u00f3n de visionados, una exposici\u00f3n y una fiesta nocturna&#8221;. Entre los ponentes se encuentran Estela de Castro, Antonio Arag\u00f3n, Rub\u00e9n H. Berm\u00fadez, Ana Zaragoza, I\u00f1aki Izquierdo y Roberto Villal\u00f3n.<\/p>\n<p>&nbsp;<\/p>\n<p>Fuente: <a href=\"http:\/\/www.barakaldodigital.com\/\">Barakaldo Digital<\/a><\/p>\n<!-- AddThis Advanced Settings generic via filter on the_content --><!-- AddThis Share Buttons generic via filter on the_content -->","protected":false},"excerpt":{"rendered":"<p>&nbsp; El centro de desarrollo empresarial BIC Bizkaia Ezkerraldea acoge este 18 y 19 de noviembre dos jornadas con conferencias, talleres y exposiciones dirigida a profesionales y aficionados de la fotograf\u00eda. La iniciativa recibe el nombre de\u00a0Fotopop Events y est\u00e1 organizada por la empresa Fotopop, que ha fijado un precio de acceso de 50 euros. [&hellip;]<!-- AddThis Advanced Settings generic via filter on get_the_excerpt --><!-- AddThis Share Buttons generic via filter on get_the_excerpt --><\/p>\n","protected":false},"author":5,"featured_media":3936,"comment_status":"open","ping_status":"open","sticky":false,"template":"","format":"standard","meta":{"footnotes":""},"categories":[7],"tags":[122,625,310,624],"_links":{"self":[{"href":"https:\/\/aizu.barakaldo.eus\/es\/wp-json\/wp\/v2\/posts\/3505"}],"collection":[{"href":"https:\/\/aizu.barakaldo.eus\/es\/wp-json\/wp\/v2\/posts"}],"about":[{"href":"https:\/\/aizu.barakaldo.eus\/es\/wp-json\/wp\/v2\/types\/post"}],"author":[{"embeddable":true,"href":"https:\/\/aizu.barakaldo.eus\/es\/wp-json\/wp\/v2\/users\/5"}],"replies":[{"embeddable":true,"href":"https:\/\/aizu.barakaldo.eus\/es\/wp-json\/wp\/v2\/comments?post=3505"}],"version-history":[{"count":3,"href":"https:\/\/aizu.barakaldo.eus\/es\/wp-json\/wp\/v2\/posts\/3505\/revisions"}],"predecessor-version":[{"id":3512,"href":"https:\/\/aizu.barakaldo.eus\/es\/wp-json\/wp\/v2\/posts\/3505\/revisions\/3512"}],"wp:featuredmedia":[{"embeddable":true,"href":"https:\/\/aizu.barakaldo.eus\/es\/wp-json\/wp\/v2\/media\/3936"}],"wp:attachment":[{"href":"https:\/\/aizu.barakaldo.eus\/es\/wp-json\/wp\/v2\/media?parent=3505"}],"wp:term":[{"taxonomy":"category","embeddable":true,"href":"https:\/\/aizu.barakaldo.eus\/es\/wp-json\/wp\/v2\/categories?post=3505"},{"taxonomy":"post_tag","embeddable":true,"href":"https:\/\/aizu.barakaldo.eus\/es\/wp-json\/wp\/v2\/tags?post=3505"}],"curies":[{"name":"wp","href":"https:\/\/api.w.org\/{rel}","templated":true}]}}